{"id":1438,"date":"2025-07-03T07:05:47","date_gmt":"2025-07-03T07:05:47","guid":{"rendered":"https:\/\/demo.gestramites.com\/?p=1438"},"modified":"2025-07-14T07:53:16","modified_gmt":"2025-07-14T07:53:16","slug":"peor-trato-por-ser-espanol-comparativa-entre-el-nuevo-r-d-1155-2024-el-arraigo-familiar-y-el-regimen-comunitario","status":"publish","type":"post","link":"https:\/\/demo.gestramites.com\/en\/peor-trato-por-ser-espanol-comparativa-entre-el-nuevo-r-d-1155-2024-el-arraigo-familiar-y-el-regimen-comunitario\/","title":{"rendered":"Worse treatment for being Spanish? Comparison between the new Royal Decree 1155\/2024, Family Roots, and the Community Regime"},"content":{"rendered":"<p>El nuevo <strong>Immigration Regulation (R.D. 1155\/2024)<\/strong>, en vigor desde el 20 de mayo de 2024, ha introducido una regulaci\u00f3n espec\u00edfica para la residencia de los familiares de ciudadanos espa\u00f1oles. Esta figura, que se separa del r\u00e9gimen comunitario (R.D. 240\/2007), plantea una cuesti\u00f3n importante: \u00bfReciben peor trato quienes son familiares de espa\u00f1oles que quienes son familiares de otros ciudadanos de la Uni\u00f3n Europea?<\/p>\n<p>En este art\u00edculo analizamos con detalle las diferencias entre la nueva residencia para familiares de espa\u00f1oles y el r\u00e9gimen comunitario, con especial atenci\u00f3n a los plazos, derechos, requisitos y el impacto del silencio administrativo.<\/p>\n<h2>El silencio administrativo: negativo en ambos casos<\/h2>\n<p>Tanto el nuevo R.D. 1155\/2024 como el R.D. 240\/2007 establecen que el silencio administrativo es negativo.<br \/>\nEn el caso de los familiares de espa\u00f1oles, la administraci\u00f3n tiene un plazo de 2 meses para resolver. Pasado ese tiempo sin respuesta, la solicitud se entiende denegada.<br \/>\nEn el r\u00e9gimen comunitario, el plazo es de 3 meses y tambi\u00e9n se aplica el silencio negativo.<br \/>\nEs fundamental no confiarse: si no hay resoluci\u00f3n expresa, no hay autorizaci\u00f3n concedida autom\u00e1ticamente.<\/p>\n<h2>Comparativa entre ambos reg\u00edmenes<\/h2>\n<ul>\n<li>The <strong>r\u00e9gimen comunitario (R.D. 240\/2007)<\/strong> otorga derechos autom\u00e1ticos de residencia y trabajo a los familiares de ciudadanos de la UE.<\/li>\n<li>The <strong>nuevo r\u00e9gimen para familiares de espa\u00f1oles<\/strong> exige una solicitud expresa, un procedimiento m\u00e1s detallado y, en ocasiones, m\u00e1s requisitos formales.<\/li>\n<\/ul>\n<p>A pesar de las intenciones de clarificaci\u00f3n del nuevo reglamento, en la pr\u00e1ctica el r\u00e9gimen comunitario sigue ofreciendo un trato m\u00e1s ventajoso en t\u00e9rminos de rapidez, seguridad jur\u00eddica y facilidad documental.<\/p>\n<h2>Consecuencias pr\u00e1cticas y desigualdades<\/h2>\n<p>La existencia de dos reg\u00edmenes diferenciados provoca desigualdades reales: dos personas con v\u00ednculos familiares equivalentes pueden recibir respuestas diferentes del sistema en funci\u00f3n de la nacionalidad del ciudadano europeo del que dependen.<br \/>\nUn ciudadano espa\u00f1ol puede ver c\u00f3mo su pareja o sus hijos enfrentan m\u00e1s trabas que si \u00e9l tuviera otra nacionalidad de la UE.<br \/>\nEsta situaci\u00f3n puede incluso llegar a ser jur\u00eddicamente cuestionable bajo el principio de igualdad y no discriminaci\u00f3n recogido en la Constituci\u00f3n Espa\u00f1ola y en el derecho comunitario.<\/p>\n<h2>\u00bfEst\u00e1s en esta situaci\u00f3n? Podemos ayudarte<\/h2>\n<p>At <strong>Gestr\u00e1mites<\/strong> contamos con m\u00e1s de 20 a\u00f1os de experiencia defendiendo los derechos de personas extranjeras en Espa\u00f1a. Si eres familiar de un ciudadano espa\u00f1ol y crees que est\u00e1s siendo tratado con desventaja frente al r\u00e9gimen comunitario, cont\u00e1ctanos. Analizaremos tu caso y te ayudaremos a hacer valer tus derechos.<\/p>\n<p>\ud83d\udcde Switchboard: +34 91 737 2845<br \/>\n\ud83d\udcac WhatsApp: +34 676 035 990<\/p>","protected":false},"excerpt":{"rendered":"<p>El nuevo Reglamento de Extranjer\u00eda (R.D. 1155\/2024), en vigor desde el 20 de mayo de 2024, ha introducido una regulaci\u00f3n espec\u00edfica para la residencia de los familiares de ciudadanos espa\u00f1oles. Esta figura, que se separa del r\u00e9gimen comunitario (R.D. 240\/2007), plantea una cuesti\u00f3n importante: \u00bfReciben peor trato quienes son familiares de espa\u00f1oles que quienes son [&hellip;]<\/p>","protected":false},"author":1,"featured_media":1732,"comment_status":"open","ping_status":"open","sticky":false,"template":"","format":"standard","meta":{"site-sidebar-layout":"default","site-content-layout":"","ast-site-content-layout":"default","site-content-style":"default","site-sidebar-style":"default","ast-global-header-display":"","ast-banner-title-visibility":"","ast-main-header-display":"","ast-hfb-above-header-display":"","ast-hfb-below-header-display":"","ast-hfb-mobile-header-display":"","site-post-title":"","ast-breadcrumbs-content":"","ast-featured-img":"","footer-sml-layout":"","theme-transparent-header-meta":"default","adv-header-id-meta":"","stick-header-meta":"","header-above-stick-meta":"","header-main-stick-meta":"","header-below-stick-meta":"","astra-migrate-meta-layouts":"set","ast-page-background-enabled":"default","ast-page-background-meta":{"desktop":{"background-color":"","background-image":"","background-repeat":"repeat","background-position":"center center","background-size":"auto","background-attachment":"scroll","background-type":"","background-media":"","overlay-type":"","overlay-color":"","overlay-opacity":"","overlay-gradient":""},"tablet":{"background-color":"","background-image":"","background-repeat":"repeat","background-position":"center center","background-size":"auto","background-attachment":"scroll","background-type":"","background-media":"","overlay-type":"","overlay-color":"","overlay-opacity":"","overlay-gradient":""},"mobile":{"background-color":"","background-image":"","background-repeat":"repeat","background-position":"center center","background-size":"auto","background-attachment":"scroll","background-type":"","background-media":"","overlay-type":"","overlay-color":"","overlay-opacity":"","overlay-gradient":""}},"ast-content-background-meta":{"desktop":{"background-color":"var(--ast-global-color-5)","background-image":"","background-repeat":"repeat","background-position":"center center","background-size":"auto","background-attachment":"scroll","background-type":"","background-media":"","overlay-type":"","overlay-color":"","overlay-opacity":"","overlay-gradient":""},"tablet":{"background-color":"var(--ast-global-color-5)","background-image":"","background-repeat":"repeat","background-position":"center center","background-size":"auto","background-attachment":"scroll","background-type":"","background-media":"","overlay-type":"","overlay-color":"","overlay-opacity":"","overlay-gradient":""},"mobile":{"background-color":"var(--ast-global-color-5)","background-image":"","background-repeat":"repeat","background-position":"center center","background-size":"auto","background-attachment":"scroll","background-type":"","background-media":"","overlay-type":"","overlay-color":"","overlay-opacity":"","overlay-gradient":""}},"_joinchat":[],"footnotes":""},"categories":[1],"tags":[],"class_list":["post-1438","post","type-post","status-publish","format-standard","has-post-thumbnail","hentry","category-uncategorized"],"yoast_head":"<!-- This site is optimized with the Yoast SEO plugin v25.8 - https:\/\/yoast.com\/wordpress\/plugins\/seo\/ -->\n<title>\u00bfPeor trato por ser espa\u00f1ol? Comparativa entre el nuevo R.D. 1155\/2024, el Arraigo Familiar y el R\u00e9gimen Comunitario - Abogados extranjer\u00eda y nacionalidad espa\u00f1ola | Gestr\u00e1mites<\/title>\n<meta name=\"robots\" content=\"noindex, follow, max-snippet:-1, max-image-preview:large, max-video-preview:-1\" \/>\n<meta property=\"og:locale\" content=\"en_GB\" \/>\n<meta property=\"og:type\" content=\"article\" \/>\n<meta property=\"og:title\" content=\"\u00bfPeor trato por ser espa\u00f1ol? Comparativa entre el nuevo R.D. 1155\/2024, el Arraigo Familiar y el R\u00e9gimen Comunitario - Abogados extranjer\u00eda y nacionalidad espa\u00f1ola | Gestr\u00e1mites\" \/>\n<meta property=\"og:description\" content=\"El nuevo Reglamento de Extranjer\u00eda (R.D. 1155\/2024), en vigor desde el 20 de mayo de 2024, ha introducido una regulaci\u00f3n espec\u00edfica para la residencia de los familiares de ciudadanos espa\u00f1oles. Esta figura, que se separa del r\u00e9gimen comunitario (R.D. 240\/2007), plantea una cuesti\u00f3n importante: \u00bfReciben peor trato quienes son familiares de espa\u00f1oles que quienes son [&hellip;]\" \/>\n<meta property=\"og:url\" content=\"https:\/\/demo.gestramites.com\/en\/peor-trato-por-ser-espanol-comparativa-entre-el-nuevo-r-d-1155-2024-el-arraigo-familiar-y-el-regimen-comunitario\/\" \/>\n<meta property=\"og:site_name\" content=\"Abogados extranjer\u00eda y nacionalidad espa\u00f1ola | Gestr\u00e1mites\" \/>\n<meta property=\"article:published_time\" content=\"2025-07-03T07:05:47+00:00\" \/>\n<meta property=\"article:modified_time\" content=\"2025-07-14T07:53:16+00:00\" \/>\n<meta property=\"og:image\" content=\"https:\/\/demo.gestramites.com\/wp-content\/uploads\/2025\/07\/peor_trato_blog_1200x630.webp\" \/>\n\t<meta property=\"og:image:width\" content=\"1200\" \/>\n\t<meta property=\"og:image:height\" content=\"630\" \/>\n\t<meta property=\"og:image:type\" content=\"image\/webp\" \/>\n<meta name=\"author\" content=\"admin\" \/>\n<meta name=\"twitter:card\" content=\"summary_large_image\" \/>\n<meta name=\"twitter:label1\" content=\"Written by\" \/>\n\t<meta name=\"twitter:data1\" content=\"admin\" \/>\n\t<meta name=\"twitter:label2\" content=\"Estimated reading time\" \/>\n\t<meta name=\"twitter:data2\" content=\"3 minutes\" \/>\n<script type=\"application\/ld+json\" class=\"yoast-schema-graph\">{\"@context\":\"https:\/\/schema.org\",\"@graph\":[{\"@type\":\"Article\",\"@id\":\"https:\/\/demo.gestramites.com\/peor-trato-por-ser-espanol-comparativa-entre-el-nuevo-r-d-1155-2024-el-arraigo-familiar-y-el-regimen-comunitario\/#article\",\"isPartOf\":{\"@id\":\"https:\/\/demo.gestramites.com\/peor-trato-por-ser-espanol-comparativa-entre-el-nuevo-r-d-1155-2024-el-arraigo-familiar-y-el-regimen-comunitario\/\"},\"author\":{\"name\":\"admin\",\"@id\":\"https:\/\/demo.gestramites.com\/#\/schema\/person\/be7a3aa649a91a66851bedde78b460e4\"},\"headline\":\"\u00bfPeor trato por ser espa\u00f1ol? Comparativa entre el nuevo R.D. 1155\/2024, el Arraigo Familiar y el R\u00e9gimen Comunitario\",\"datePublished\":\"2025-07-03T07:05:47+00:00\",\"dateModified\":\"2025-07-14T07:53:16+00:00\",\"mainEntityOfPage\":{\"@id\":\"https:\/\/demo.gestramites.com\/peor-trato-por-ser-espanol-comparativa-entre-el-nuevo-r-d-1155-2024-el-arraigo-familiar-y-el-regimen-comunitario\/\"},\"wordCount\":467,\"commentCount\":0,\"publisher\":{\"@id\":\"https:\/\/demo.gestramites.com\/#organization\"},\"image\":{\"@id\":\"https:\/\/demo.gestramites.com\/peor-trato-por-ser-espanol-comparativa-entre-el-nuevo-r-d-1155-2024-el-arraigo-familiar-y-el-regimen-comunitario\/#primaryimage\"},\"thumbnailUrl\":\"https:\/\/demo.gestramites.com\/wp-content\/uploads\/2025\/07\/peor_trato_blog_1200x630.webp\",\"articleSection\":[\"Uncategorized\"],\"inLanguage\":\"en-GB\",\"potentialAction\":[{\"@type\":\"CommentAction\",\"name\":\"Comment\",\"target\":[\"https:\/\/demo.gestramites.com\/peor-trato-por-ser-espanol-comparativa-entre-el-nuevo-r-d-1155-2024-el-arraigo-familiar-y-el-regimen-comunitario\/#respond\"]}]},{\"@type\":\"WebPage\",\"@id\":\"https:\/\/demo.gestramites.com\/peor-trato-por-ser-espanol-comparativa-entre-el-nuevo-r-d-1155-2024-el-arraigo-familiar-y-el-regimen-comunitario\/\",\"url\":\"https:\/\/demo.gestramites.com\/peor-trato-por-ser-espanol-comparativa-entre-el-nuevo-r-d-1155-2024-el-arraigo-familiar-y-el-regimen-comunitario\/\",\"name\":\"\u00bfPeor trato por ser espa\u00f1ol? Comparativa entre el nuevo R.D. 1155\/2024, el Arraigo Familiar y el R\u00e9gimen Comunitario - Abogados extranjer\u00eda y nacionalidad espa\u00f1ola | Gestr\u00e1mites\",\"isPartOf\":{\"@id\":\"https:\/\/demo.gestramites.com\/#website\"},\"primaryImageOfPage\":{\"@id\":\"https:\/\/demo.gestramites.com\/peor-trato-por-ser-espanol-comparativa-entre-el-nuevo-r-d-1155-2024-el-arraigo-familiar-y-el-regimen-comunitario\/#primaryimage\"},\"image\":{\"@id\":\"https:\/\/demo.gestramites.com\/peor-trato-por-ser-espanol-comparativa-entre-el-nuevo-r-d-1155-2024-el-arraigo-familiar-y-el-regimen-comunitario\/#primaryimage\"},\"thumbnailUrl\":\"https:\/\/demo.gestramites.com\/wp-content\/uploads\/2025\/07\/peor_trato_blog_1200x630.webp\",\"datePublished\":\"2025-07-03T07:05:47+00:00\",\"dateModified\":\"2025-07-14T07:53:16+00:00\",\"breadcrumb\":{\"@id\":\"https:\/\/demo.gestramites.com\/peor-trato-por-ser-espanol-comparativa-entre-el-nuevo-r-d-1155-2024-el-arraigo-familiar-y-el-regimen-comunitario\/#breadcrumb\"},\"inLanguage\":\"en-GB\",\"potentialAction\":[{\"@type\":\"ReadAction\",\"target\":[\"https:\/\/demo.gestramites.com\/peor-trato-por-ser-espanol-comparativa-entre-el-nuevo-r-d-1155-2024-el-arraigo-familiar-y-el-regimen-comunitario\/\"]}]},{\"@type\":\"ImageObject\",\"inLanguage\":\"en-GB\",\"@id\":\"https:\/\/demo.gestramites.com\/peor-trato-por-ser-espanol-comparativa-entre-el-nuevo-r-d-1155-2024-el-arraigo-familiar-y-el-regimen-comunitario\/#primaryimage\",\"url\":\"https:\/\/demo.gestramites.com\/wp-content\/uploads\/2025\/07\/peor_trato_blog_1200x630.webp\",\"contentUrl\":\"https:\/\/demo.gestramites.com\/wp-content\/uploads\/2025\/07\/peor_trato_blog_1200x630.webp\",\"width\":1200,\"height\":630,\"caption\":\"peor_trato_blog_1200x630\"},{\"@type\":\"BreadcrumbList\",\"@id\":\"https:\/\/demo.gestramites.com\/peor-trato-por-ser-espanol-comparativa-entre-el-nuevo-r-d-1155-2024-el-arraigo-familiar-y-el-regimen-comunitario\/#breadcrumb\",\"itemListElement\":[{\"@type\":\"ListItem\",\"position\":1,\"name\":\"Home\",\"item\":\"https:\/\/demo.gestramites.com\/\"},{\"@type\":\"ListItem\",\"position\":2,\"name\":\"\u00bfPeor trato por ser espa\u00f1ol? Comparativa entre el nuevo R.D. 1155\/2024, el Arraigo Familiar y el R\u00e9gimen Comunitario\"}]},{\"@type\":\"WebSite\",\"@id\":\"https:\/\/demo.gestramites.com\/#website\",\"url\":\"https:\/\/demo.gestramites.com\/\",\"name\":\"Abogados extranjer\u00eda y nacionalidad espa\u00f1ola | Gestr\u00e1mites\",\"description\":\"Abogadas de extranjer\u00eda y nacionalidad (ICAM). M\u00e1s de 20 a\u00f1os regularizando inmigrantes en Espa\u00f1a. Respuesta r\u00e1pida por WhatsApp y pago seguro online.\",\"publisher\":{\"@id\":\"https:\/\/demo.gestramites.com\/#organization\"},\"potentialAction\":[{\"@type\":\"SearchAction\",\"target\":{\"@type\":\"EntryPoint\",\"urlTemplate\":\"https:\/\/demo.gestramites.com\/?s={search_term_string}\"},\"query-input\":{\"@type\":\"PropertyValueSpecification\",\"valueRequired\":true,\"valueName\":\"search_term_string\"}}],\"inLanguage\":\"en-GB\"},{\"@type\":\"Organization\",\"@id\":\"https:\/\/demo.gestramites.com\/#organization\",\"name\":\"Abogados extranjer\u00eda y nacionalidad espa\u00f1ola | Gestr\u00e1mites\",\"url\":\"https:\/\/demo.gestramites.com\/\",\"logo\":{\"@type\":\"ImageObject\",\"inLanguage\":\"en-GB\",\"@id\":\"https:\/\/demo.gestramites.com\/#\/schema\/logo\/image\/\",\"url\":\"https:\/\/demo.gestramites.com\/wp-content\/uploads\/2025\/07\/logo_standard-removebg-preview.png\",\"contentUrl\":\"https:\/\/demo.gestramites.com\/wp-content\/uploads\/2025\/07\/logo_standard-removebg-preview.png\",\"width\":257,\"height\":64,\"caption\":\"Abogados extranjer\u00eda y nacionalidad espa\u00f1ola | Gestr\u00e1mites\"},\"image\":{\"@id\":\"https:\/\/demo.gestramites.com\/#\/schema\/logo\/image\/\"}},{\"@type\":\"Person\",\"@id\":\"https:\/\/demo.gestramites.com\/#\/schema\/person\/be7a3aa649a91a66851bedde78b460e4\",\"name\":\"admin\",\"image\":{\"@type\":\"ImageObject\",\"inLanguage\":\"en-GB\",\"@id\":\"https:\/\/demo.gestramites.com\/#\/schema\/person\/image\/\",\"url\":\"https:\/\/demo.gestramites.com\/wp-content\/litespeed\/avatar\/6a228d22836397f1f3f0050ac2ee9adf.jpg?ver=1777620332\",\"contentUrl\":\"https:\/\/demo.gestramites.com\/wp-content\/litespeed\/avatar\/6a228d22836397f1f3f0050ac2ee9adf.jpg?ver=1777620332\",\"caption\":\"admin\"},\"sameAs\":[\"https:\/\/demo.gestramites.com\"],\"url\":\"https:\/\/demo.gestramites.com\/en\/author\/admin\/\"}]}<\/script>\n<!-- \/ Yoast SEO plugin. -->","yoast_head_json":{"title":"\u00bfPeor trato por ser espa\u00f1ol? Comparativa entre el nuevo R.D. 1155\/2024, el Arraigo Familiar y el R\u00e9gimen Comunitario - Abogados extranjer\u00eda y nacionalidad espa\u00f1ola | Gestr\u00e1mites","robots":{"index":"noindex","follow":"follow","max-snippet":"max-snippet:-1","max-image-preview":"max-image-preview:large","max-video-preview":"max-video-preview:-1"},"og_locale":"en_GB","og_type":"article","og_title":"\u00bfPeor trato por ser espa\u00f1ol? Comparativa entre el nuevo R.D. 1155\/2024, el Arraigo Familiar y el R\u00e9gimen Comunitario - Abogados extranjer\u00eda y nacionalidad espa\u00f1ola | Gestr\u00e1mites","og_description":"El nuevo Reglamento de Extranjer\u00eda (R.D. 1155\/2024), en vigor desde el 20 de mayo de 2024, ha introducido una regulaci\u00f3n espec\u00edfica para la residencia de los familiares de ciudadanos espa\u00f1oles. Esta figura, que se separa del r\u00e9gimen comunitario (R.D. 240\/2007), plantea una cuesti\u00f3n importante: \u00bfReciben peor trato quienes son familiares de espa\u00f1oles que quienes son [&hellip;]","og_url":"https:\/\/demo.gestramites.com\/en\/peor-trato-por-ser-espanol-comparativa-entre-el-nuevo-r-d-1155-2024-el-arraigo-familiar-y-el-regimen-comunitario\/","og_site_name":"Abogados extranjer\u00eda y nacionalidad espa\u00f1ola | Gestr\u00e1mites","article_published_time":"2025-07-03T07:05:47+00:00","article_modified_time":"2025-07-14T07:53:16+00:00","og_image":[{"width":1200,"height":630,"url":"https:\/\/demo.gestramites.com\/wp-content\/uploads\/2025\/07\/peor_trato_blog_1200x630.webp","type":"image\/webp"}],"author":"admin","twitter_card":"summary_large_image","twitter_misc":{"Written by":"admin","Estimated reading time":"3 minutes"},"schema":{"@context":"https:\/\/schema.org","@graph":[{"@type":"Article","@id":"https:\/\/demo.gestramites.com\/peor-trato-por-ser-espanol-comparativa-entre-el-nuevo-r-d-1155-2024-el-arraigo-familiar-y-el-regimen-comunitario\/#article","isPartOf":{"@id":"https:\/\/demo.gestramites.com\/peor-trato-por-ser-espanol-comparativa-entre-el-nuevo-r-d-1155-2024-el-arraigo-familiar-y-el-regimen-comunitario\/"},"author":{"name":"admin","@id":"https:\/\/demo.gestramites.com\/#\/schema\/person\/be7a3aa649a91a66851bedde78b460e4"},"headline":"\u00bfPeor trato por ser espa\u00f1ol? Comparativa entre el nuevo R.D. 1155\/2024, el Arraigo Familiar y el R\u00e9gimen Comunitario","datePublished":"2025-07-03T07:05:47+00:00","dateModified":"2025-07-14T07:53:16+00:00","mainEntityOfPage":{"@id":"https:\/\/demo.gestramites.com\/peor-trato-por-ser-espanol-comparativa-entre-el-nuevo-r-d-1155-2024-el-arraigo-familiar-y-el-regimen-comunitario\/"},"wordCount":467,"commentCount":0,"publisher":{"@id":"https:\/\/demo.gestramites.com\/#organization"},"image":{"@id":"https:\/\/demo.gestramites.com\/peor-trato-por-ser-espanol-comparativa-entre-el-nuevo-r-d-1155-2024-el-arraigo-familiar-y-el-regimen-comunitario\/#primaryimage"},"thumbnailUrl":"https:\/\/demo.gestramites.com\/wp-content\/uploads\/2025\/07\/peor_trato_blog_1200x630.webp","articleSection":["Uncategorized"],"inLanguage":"en-GB","potentialAction":[{"@type":"CommentAction","name":"Comment","target":["https:\/\/demo.gestramites.com\/peor-trato-por-ser-espanol-comparativa-entre-el-nuevo-r-d-1155-2024-el-arraigo-familiar-y-el-regimen-comunitario\/#respond"]}]},{"@type":"WebPage","@id":"https:\/\/demo.gestramites.com\/peor-trato-por-ser-espanol-comparativa-entre-el-nuevo-r-d-1155-2024-el-arraigo-familiar-y-el-regimen-comunitario\/","url":"https:\/\/demo.gestramites.com\/peor-trato-por-ser-espanol-comparativa-entre-el-nuevo-r-d-1155-2024-el-arraigo-familiar-y-el-regimen-comunitario\/","name":"\u00bfPeor trato por ser espa\u00f1ol? Comparativa entre el nuevo R.D. 1155\/2024, el Arraigo Familiar y el R\u00e9gimen Comunitario - Abogados extranjer\u00eda y nacionalidad espa\u00f1ola | Gestr\u00e1mites","isPartOf":{"@id":"https:\/\/demo.gestramites.com\/#website"},"primaryImageOfPage":{"@id":"https:\/\/demo.gestramites.com\/peor-trato-por-ser-espanol-comparativa-entre-el-nuevo-r-d-1155-2024-el-arraigo-familiar-y-el-regimen-comunitario\/#primaryimage"},"image":{"@id":"https:\/\/demo.gestramites.com\/peor-trato-por-ser-espanol-comparativa-entre-el-nuevo-r-d-1155-2024-el-arraigo-familiar-y-el-regimen-comunitario\/#primaryimage"},"thumbnailUrl":"https:\/\/demo.gestramites.com\/wp-content\/uploads\/2025\/07\/peor_trato_blog_1200x630.webp","datePublished":"2025-07-03T07:05:47+00:00","dateModified":"2025-07-14T07:53:16+00:00","breadcrumb":{"@id":"https:\/\/demo.gestramites.com\/peor-trato-por-ser-espanol-comparativa-entre-el-nuevo-r-d-1155-2024-el-arraigo-familiar-y-el-regimen-comunitario\/#breadcrumb"},"inLanguage":"en-GB","potentialAction":[{"@type":"ReadAction","target":["https:\/\/demo.gestramites.com\/peor-trato-por-ser-espanol-comparativa-entre-el-nuevo-r-d-1155-2024-el-arraigo-familiar-y-el-regimen-comunitario\/"]}]},{"@type":"ImageObject","inLanguage":"en-GB","@id":"https:\/\/demo.gestramites.com\/peor-trato-por-ser-espanol-comparativa-entre-el-nuevo-r-d-1155-2024-el-arraigo-familiar-y-el-regimen-comunitario\/#primaryimage","url":"https:\/\/demo.gestramites.com\/wp-content\/uploads\/2025\/07\/peor_trato_blog_1200x630.webp","contentUrl":"https:\/\/demo.gestramites.com\/wp-content\/uploads\/2025\/07\/peor_trato_blog_1200x630.webp","width":1200,"height":630,"caption":"peor_trato_blog_1200x630"},{"@type":"BreadcrumbList","@id":"https:\/\/demo.gestramites.com\/peor-trato-por-ser-espanol-comparativa-entre-el-nuevo-r-d-1155-2024-el-arraigo-familiar-y-el-regimen-comunitario\/#breadcrumb","itemListElement":[{"@type":"ListItem","position":1,"name":"Home","item":"https:\/\/demo.gestramites.com\/"},{"@type":"ListItem","position":2,"name":"\u00bfPeor trato por ser espa\u00f1ol? Comparativa entre el nuevo R.D. 1155\/2024, el Arraigo Familiar y el R\u00e9gimen Comunitario"}]},{"@type":"WebSite","@id":"https:\/\/demo.gestramites.com\/#website","url":"https:\/\/demo.gestramites.com\/","name":"Abogados extranjer\u00eda y nacionalidad espa\u00f1ola | Gestr\u00e1mites","description":"Abogadas de extranjer\u00eda y nacionalidad (ICAM). M\u00e1s de 20 a\u00f1os regularizando inmigrantes en Espa\u00f1a. Respuesta r\u00e1pida por WhatsApp y pago seguro online.","publisher":{"@id":"https:\/\/demo.gestramites.com\/#organization"},"potentialAction":[{"@type":"SearchAction","target":{"@type":"EntryPoint","urlTemplate":"https:\/\/demo.gestramites.com\/?s={search_term_string}"},"query-input":{"@type":"PropertyValueSpecification","valueRequired":true,"valueName":"search_term_string"}}],"inLanguage":"en-GB"},{"@type":"Organization","@id":"https:\/\/demo.gestramites.com\/#organization","name":"Abogados extranjer\u00eda y nacionalidad espa\u00f1ola | Gestr\u00e1mites","url":"https:\/\/demo.gestramites.com\/","logo":{"@type":"ImageObject","inLanguage":"en-GB","@id":"https:\/\/demo.gestramites.com\/#\/schema\/logo\/image\/","url":"https:\/\/demo.gestramites.com\/wp-content\/uploads\/2025\/07\/logo_standard-removebg-preview.png","contentUrl":"https:\/\/demo.gestramites.com\/wp-content\/uploads\/2025\/07\/logo_standard-removebg-preview.png","width":257,"height":64,"caption":"Abogados extranjer\u00eda y nacionalidad espa\u00f1ola | Gestr\u00e1mites"},"image":{"@id":"https:\/\/demo.gestramites.com\/#\/schema\/logo\/image\/"}},{"@type":"Person","@id":"https:\/\/demo.gestramites.com\/#\/schema\/person\/be7a3aa649a91a66851bedde78b460e4","name":"admin","image":{"@type":"ImageObject","inLanguage":"en-GB","@id":"https:\/\/demo.gestramites.com\/#\/schema\/person\/image\/","url":"https:\/\/demo.gestramites.com\/wp-content\/litespeed\/avatar\/6a228d22836397f1f3f0050ac2ee9adf.jpg?ver=1777620332","contentUrl":"https:\/\/demo.gestramites.com\/wp-content\/litespeed\/avatar\/6a228d22836397f1f3f0050ac2ee9adf.jpg?ver=1777620332","caption":"admin"},"sameAs":["https:\/\/demo.gestramites.com"],"url":"https:\/\/demo.gestramites.com\/en\/author\/admin\/"}]}},"_links":{"self":[{"href":"https:\/\/demo.gestramites.com\/en\/wp-json\/wp\/v2\/posts\/1438","targetHints":{"allow":["GET"]}}],"collection":[{"href":"https:\/\/demo.gestramites.com\/en\/wp-json\/wp\/v2\/posts"}],"about":[{"href":"https:\/\/demo.gestramites.com\/en\/wp-json\/wp\/v2\/types\/post"}],"author":[{"embeddable":true,"href":"https:\/\/demo.gestramites.com\/en\/wp-json\/wp\/v2\/users\/1"}],"replies":[{"embeddable":true,"href":"https:\/\/demo.gestramites.com\/en\/wp-json\/wp\/v2\/comments?post=1438"}],"version-history":[{"count":3,"href":"https:\/\/demo.gestramites.com\/en\/wp-json\/wp\/v2\/posts\/1438\/revisions"}],"predecessor-version":[{"id":1445,"href":"https:\/\/demo.gestramites.com\/en\/wp-json\/wp\/v2\/posts\/1438\/revisions\/1445"}],"wp:featuredmedia":[{"embeddable":true,"href":"https:\/\/demo.gestramites.com\/en\/wp-json\/wp\/v2\/media\/1732"}],"wp:attachment":[{"href":"https:\/\/demo.gestramites.com\/en\/wp-json\/wp\/v2\/media?parent=1438"}],"wp:term":[{"taxonomy":"category","embeddable":true,"href":"https:\/\/demo.gestramites.com\/en\/wp-json\/wp\/v2\/categories?post=1438"},{"taxonomy":"post_tag","embeddable":true,"href":"https:\/\/demo.gestramites.com\/en\/wp-json\/wp\/v2\/tags?post=1438"}],"curies":[{"name":"wp","href":"https:\/\/api.w.org\/{rel}","templated":true}]}}